{"id":57,"date":"2026-07-14T09:13:05","date_gmt":"2026-07-14T09:13:05","guid":{"rendered":"https:\/\/site.griechischeschule-zuerich.ch\/?p=57"},"modified":"2026-07-14T21:31:29","modified_gmt":"2026-07-14T20:31:29","slug":"fernlernkurse-fuer-griechische-kinder-der-griechischen-diaspora","status":"publish","type":"post","link":"https:\/\/site.griechischeschule-zuerich.ch\/index.php\/de\/2026\/07\/14\/fernlernkurse-fuer-griechische-kinder-der-griechischen-diaspora\/","title":{"rendered":"Fernlernkurse f\u00fcr griechische Kinder der griechischen Diaspora"},"content":{"rendered":"\n<p class=\"wp-block-paragraph\">Das Br\u00fcsseler Koordinierungsb\u00fcro wird in Zusammenarbeit mit den P\u00e4dagogen der ihm unterstellten L\u00e4nder im Schuljahr 2026-2027 folgende Klassen im Fernunterricht f\u00fcr Sch\u00fcler der griechischen Diaspora anbieten, die aufgrund objektiver Schwierigkeiten nicht am Pr\u00e4senzunterricht der TEG teilnehmen k\u00f6nnen:<\/p>\n\n\n\n<p class=\"wp-block-paragraph\">1. Abteilung f\u00fcr griechische Mythologie&nbsp; (f\u00fcr Kindergartenkinder, Sch\u00fcler der 1. und 2. Klasse, Griechisch-Niveau A1)&nbsp;<\/p>\n\n\n\n<p class=\"wp-block-paragraph\">2. Fachbereich Geschichte und Kultur&nbsp; (f\u00fcr Sch\u00fcler der 3., 4., 5. und 6. Klasse der Grundschule, mindestens Griechischkenntnisse auf Niveau A2)<\/p>\n\n\n\n<p class=\"wp-block-paragraph\">3. Abteilung f\u00fcr Jugendlichenliteratur (f\u00fcr Sch\u00fcler der Mittel- und Oberstufe, mindestens Griechischkenntnisse auf Niveau B1)<\/p>\n\n\n\n<p class=\"wp-block-paragraph\">4. Abteilung f\u00fcr Pr\u00fcfungsvorbereitung f\u00fcr Pr\u00fcfungen in Griechenland (f\u00fcr Sch\u00fcler der 2. und 3. Klasse der Oberstufe mit mindestens Griechischkenntnissen auf Niveau B2, die an den Pr\u00fcfungen f\u00fcr Auswanderer teilnehmen m\u00f6chten, die jedes Jahr im September in Griechenland stattfinden)<\/p>\n\n\n\n<p class=\"wp-block-paragraph\">Interessierte Parteien werden gebeten, bis zum 30.06.2026 einen entsprechenden Antrag an die zust\u00e4ndigen Personen der TEGs des Landes, in dem sie ihren Wohnsitz haben, zu senden .<\/p>\n\n\n\n<p class=\"wp-block-paragraph\">Genauere Informationen zu den \u00d6ffnungstagen und -zeiten der einzelnen Abteilungen werden zu Beginn des neuen Schuljahres bekannt gegeben.<\/p>\n\n\n\n<p class=\"wp-block-paragraph\">Es wird darauf hingewiesen , dass diese Online-Kurse zus\u00e4tzlich zu den bereits bestehenden Kursen an der T.E.G. angeboten werden und den Pr\u00e4senzunterricht in keiner Weise ersetzen.<\/p>\n\n\n\n<p class=\"wp-block-paragraph\"><a href=\"https:\/\/gsebxl.europe.sch.gr\/wp-content\/uploads\/2026\/06\/%CE%88%CE%BD%CF%84%CF%85%CF%80%CE%BF-%CE%B5%CE%B3%CE%B3%CF%81%CE%B1%CF%86%CE%AE%CF%82_%CF%84%CE%BC%CE%AE%CE%BC%CE%B1%CF%84%CE%B1-%CE%BC%CE%B5-%CE%B5%CE%BE-%CE%B1%CF%80%CE%BF%CF%83%CF%84%CE%AC%CF%83%CE%B5%CF%89%CF%82-%CE%B4%CE%B9%CE%B4%CE%B1%CF%83%CE%BA%CE%B1%CE%BB%CE%AF%CE%B1.docx\">Anmeldeformular f\u00fcr Fernlehrg\u00e4nge<\/a><\/p>\n\n\n\n<p class=\"wp-block-paragraph\">Bei Interesse f\u00fcllen Sie bitte das beigef\u00fcgte Formular aus und senden Sie es bis zum 30. Juni an uns (info@griechischeschule-zuerich.ch).<\/p>\n","protected":false},"excerpt":{"rendered":"<p>Das Br\u00fcsseler Koordinierungsb\u00fcro wird in Zusammenarbeit mit den P\u00e4dagogen der ihm unterstellten L\u00e4nder im Schuljahr 2026-2027 folgende Klassen im Fernunterricht f\u00fcr Sch\u00fcler der griechischen Diaspora anbieten, die aufgrund objektiver Schwierigkeiten nicht am Pr\u00e4senzunterricht der TEG teilnehmen k\u00f6nnen: 1. Abteilung f\u00fcr griechische Mythologie&nbsp; (f\u00fcr Kindergartenkinder, Sch\u00fcler der 1. und 2. Klasse, Griechisch-Niveau A1)&nbsp; 2. Fachbereich Geschichte [&hellip;]<\/p>\n","protected":false},"author":1,"featured_media":59,"comment_status":"closed","ping_status":"closed","sticky":false,"template":"","format":"standard","meta":{"footnotes":""},"categories":[22],"tags":[],"class_list":["post-57","post","type-post","status-publish","format-standard","has-post-thumbnail","hentry","category-news-de"],"blocksy_meta":{"styles_descriptor":{"styles":{"desktop":"","tablet":"","mobile":""},"google_fonts":[],"version":8}},"_links":{"self":[{"href":"https:\/\/site.griechischeschule-zuerich.ch\/index.php\/wp-json\/wp\/v2\/posts\/57","targetHints":{"allow":["GET"]}}],"collection":[{"href":"https:\/\/site.griechischeschule-zuerich.ch\/index.php\/wp-json\/wp\/v2\/posts"}],"about":[{"href":"https:\/\/site.griechischeschule-zuerich.ch\/index.php\/wp-json\/wp\/v2\/types\/post"}],"author":[{"embeddable":true,"href":"https:\/\/site.griechischeschule-zuerich.ch\/index.php\/wp-json\/wp\/v2\/users\/1"}],"replies":[{"embeddable":true,"href":"https:\/\/site.griechischeschule-zuerich.ch\/index.php\/wp-json\/wp\/v2\/comments?post=57"}],"version-history":[{"count":1,"href":"https:\/\/site.griechischeschule-zuerich.ch\/index.php\/wp-json\/wp\/v2\/posts\/57\/revisions"}],"predecessor-version":[{"id":58,"href":"https:\/\/site.griechischeschule-zuerich.ch\/index.php\/wp-json\/wp\/v2\/posts\/57\/revisions\/58"}],"wp:featuredmedia":[{"embeddable":true,"href":"https:\/\/site.griechischeschule-zuerich.ch\/index.php\/wp-json\/wp\/v2\/media\/59"}],"wp:attachment":[{"href":"https:\/\/site.griechischeschule-zuerich.ch\/index.php\/wp-json\/wp\/v2\/media?parent=57"}],"wp:term":[{"taxonomy":"category","embeddable":true,"href":"https:\/\/site.griechischeschule-zuerich.ch\/index.php\/wp-json\/wp\/v2\/categories?post=57"},{"taxonomy":"post_tag","embeddable":true,"href":"https:\/\/site.griechischeschule-zuerich.ch\/index.php\/wp-json\/wp\/v2\/tags?post=57"}],"curies":[{"name":"wp","href":"https:\/\/api.w.org\/{rel}","templated":true}]}}